[{"@context":"https:\/\/schema.org\/","@type":"Blog","@id":"https:\/\/www.archall.cz#Blog","headline":"Archall","description":"\nNezn\u00e1te \u017e\u00e1dn\u00fd web, kde byste nalezli p\u0159esn\u011b takovou pomoc, jakou o\u010dek\u00e1v\u00e1te? My m\u00e1me p\u0159edstavu, o\u010d v\u00e1m jde, a proto najdete takovou pomoc u n\u00e1s.","url":"https:\/\/www.archall.cz","hasPart":[{"@type":"Article","@id":"https:\/\/www.archall.cz\/rozdily-mezi-klasickou-a-americkou-hypotekou\/","headline":"Rozd\u00edly mezi klasickou a americkou hypot\u00e9kou","url":"https:\/\/www.archall.cz\/rozdily-mezi-klasickou-a-americkou-hypotekou\/","datePublished":"2020-11-28","dateModified":"2023-05-15","mainEntityOfPage":"https:\/\/www.archall.cz\/rozdily-mezi-klasickou-a-americkou-hypotekou\/","author":{"@type":"Person","@id":"https:\/\/www.archall.cz\/author\/#Person","name":"","url":"https:\/\/www.archall.cz\/author\/","identifier":1,"image":{"@type":"ImageObject","@id":"https:\/\/secure.gravatar.com\/avatar\/0dc285cbe86eecc8073f119fcb2e2c7032b51533f5bb47611c7d4a598558b8b7?s=96&d=mm&r=g","url":"https:\/\/secure.gravatar.com\/avatar\/0dc285cbe86eecc8073f119fcb2e2c7032b51533f5bb47611c7d4a598558b8b7?s=96&d=mm&r=g","height":96,"width":96}},"publisher":{"@type":"Organization","name":"archall.cz","logo":{"@type":"ImageObject","@id":"\/logo.png","url":"\/logo.png","width":600,"height":60}},"image":{"@type":"ImageObject","@id":"https:\/\/www.archall.cz\/wp-content\/uploads\/smlouva%20k%20podeps%C3%A1n%C3%AD_1.jpg","url":"https:\/\/www.archall.cz\/wp-content\/uploads\/smlouva%20k%20podeps%C3%A1n%C3%AD_1.jpg","height":0,"width":0},"wordCount":795,"keywords":null},{"@type":"Article","@id":"https:\/\/www.archall.cz\/vybaveni-vlastni-domacnosti\/","headline":"Vybaven\u00ed vlastn\u00ed dom\u00e1cnosti","url":"https:\/\/www.archall.cz\/vybaveni-vlastni-domacnosti\/","datePublished":"2020-11-15","dateModified":"2023-05-15","mainEntityOfPage":"https:\/\/www.archall.cz\/vybaveni-vlastni-domacnosti\/","author":{"@type":"Person","@id":"https:\/\/www.archall.cz\/author\/#Person","name":"","url":"https:\/\/www.archall.cz\/author\/","identifier":1,"image":{"@type":"ImageObject","@id":"https:\/\/secure.gravatar.com\/avatar\/0dc285cbe86eecc8073f119fcb2e2c7032b51533f5bb47611c7d4a598558b8b7?s=96&d=mm&r=g","url":"https:\/\/secure.gravatar.com\/avatar\/0dc285cbe86eecc8073f119fcb2e2c7032b51533f5bb47611c7d4a598558b8b7?s=96&d=mm&r=g","height":96,"width":96}},"publisher":{"@type":"Organization","name":"archall.cz","logo":{"@type":"ImageObject","@id":"\/logo.png","url":"\/logo.png","width":600,"height":60}},"image":{"@type":"ImageObject","@id":"https:\/\/www.archall.cz\/wp-content\/uploads\/nov%C3%A1%20kuchy%C5%88_1.jpg","url":"https:\/\/www.archall.cz\/wp-content\/uploads\/nov%C3%A1%20kuchy%C5%88_1.jpg","height":0,"width":0},"wordCount":752,"keywords":null},{"@type":"Article","@id":"https:\/\/www.archall.cz\/co-treba-hypoteka\/","headline":"Co t\u0159eba hypot\u00e9ka?","url":"https:\/\/www.archall.cz\/co-treba-hypoteka\/","datePublished":"2020-10-24","dateModified":"2023-05-15","mainEntityOfPage":"https:\/\/www.archall.cz\/co-treba-hypoteka\/","author":{"@type":"Person","@id":"https:\/\/www.archall.cz\/author\/#Person","name":"","url":"https:\/\/www.archall.cz\/author\/","identifier":1,"image":{"@type":"ImageObject","@id":"https:\/\/secure.gravatar.com\/avatar\/0dc285cbe86eecc8073f119fcb2e2c7032b51533f5bb47611c7d4a598558b8b7?s=96&d=mm&r=g","url":"https:\/\/secure.gravatar.com\/avatar\/0dc285cbe86eecc8073f119fcb2e2c7032b51533f5bb47611c7d4a598558b8b7?s=96&d=mm&r=g","height":96,"width":96}},"publisher":{"@type":"Organization","name":"archall.cz","logo":{"@type":"ImageObject","@id":"\/logo.png","url":"\/logo.png","width":600,"height":60}},"image":{"@type":"ImageObject","@id":"https:\/\/www.archall.cz\/wp-content\/uploads\/indick%C3%A9%20mince.jpg","url":"https:\/\/www.archall.cz\/wp-content\/uploads\/indick%C3%A9%20mince.jpg","height":0,"width":0},"wordCount":807,"keywords":null},{"@type":"Article","@id":"https:\/\/www.archall.cz\/kamagra-levne\/","headline":"Kamagra levn\u011b","url":"https:\/\/www.archall.cz\/kamagra-levne\/","datePublished":"2020-10-19","dateModified":"2023-10-11","mainEntityOfPage":"https:\/\/www.archall.cz\/kamagra-levne\/","author":{"@type":"Person","@id":"https:\/\/www.archall.cz\/author\/#Person","name":"","url":"https:\/\/www.archall.cz\/author\/","identifier":1,"image":{"@type":"ImageObject","@id":"https:\/\/secure.gravatar.com\/avatar\/0dc285cbe86eecc8073f119fcb2e2c7032b51533f5bb47611c7d4a598558b8b7?s=96&d=mm&r=g","url":"https:\/\/secure.gravatar.com\/avatar\/0dc285cbe86eecc8073f119fcb2e2c7032b51533f5bb47611c7d4a598558b8b7?s=96&d=mm&r=g","height":96,"width":96}},"publisher":{"@type":"Organization","name":"archall.cz","logo":{"@type":"ImageObject","@id":"\/logo.png","url":"\/logo.png","width":600,"height":60}},"image":{"@type":"ImageObject","@id":"https:\/\/www.archall.cz\/wp-content\/uploads\/zamilovan%C3%BD%20p%C3%A1r_10_5.png","url":"https:\/\/www.archall.cz\/wp-content\/uploads\/zamilovan%C3%BD%20p%C3%A1r_10_5.png","height":0,"width":0},"wordCount":696,"keywords":null},{"@type":"Article","@id":"https:\/\/www.archall.cz\/pujcovna-dodavek-brno-jeden-z-partneru-vaseho-stehovani\/","headline":"P\u016fj\u010dovna dod\u00e1vek Brno \u2013 jeden z partner\u016f va\u0161eho st\u011bhov\u00e1n\u00ed","url":"https:\/\/www.archall.cz\/pujcovna-dodavek-brno-jeden-z-partneru-vaseho-stehovani\/","datePublished":"2020-10-19","dateModified":"2023-10-11","mainEntityOfPage":"https:\/\/www.archall.cz\/pujcovna-dodavek-brno-jeden-z-partneru-vaseho-stehovani\/","author":{"@type":"Person","@id":"https:\/\/www.archall.cz\/author\/#Person","name":"","url":"https:\/\/www.archall.cz\/author\/","identifier":1,"image":{"@type":"ImageObject","@id":"https:\/\/secure.gravatar.com\/avatar\/0dc285cbe86eecc8073f119fcb2e2c7032b51533f5bb47611c7d4a598558b8b7?s=96&d=mm&r=g","url":"https:\/\/secure.gravatar.com\/avatar\/0dc285cbe86eecc8073f119fcb2e2c7032b51533f5bb47611c7d4a598558b8b7?s=96&d=mm&r=g","height":96,"width":96}},"publisher":{"@type":"Organization","name":"archall.cz","logo":{"@type":"ImageObject","@id":"\/logo.png","url":"\/logo.png","width":600,"height":60}},"image":{"@type":"ImageObject","@id":"https:\/\/www.archall.cz\/wp-content\/uploads\/pap%C3%ADrov%C3%A9%20krabice_2.png","url":"https:\/\/www.archall.cz\/wp-content\/uploads\/pap%C3%ADrov%C3%A9%20krabice_2.png","height":0,"width":0},"wordCount":577,"keywords":null},{"@type":"Article","@id":"https:\/\/www.archall.cz\/se-stanem-si-deti-mohou-hrat-na-tisic-zpusobu\/","headline":"Se stanem si d\u011bti mohou hr\u00e1t na tis\u00edc zp\u016fsob\u016f","url":"https:\/\/www.archall.cz\/se-stanem-si-deti-mohou-hrat-na-tisic-zpusobu\/","datePublished":"2020-09-20","dateModified":"2023-05-15","mainEntityOfPage":"https:\/\/www.archall.cz\/se-stanem-si-deti-mohou-hrat-na-tisic-zpusobu\/","author":{"@type":"Person","@id":"https:\/\/www.archall.cz\/author\/#Person","name":"","url":"https:\/\/www.archall.cz\/author\/","identifier":1,"image":{"@type":"ImageObject","@id":"https:\/\/secure.gravatar.com\/avatar\/0dc285cbe86eecc8073f119fcb2e2c7032b51533f5bb47611c7d4a598558b8b7?s=96&d=mm&r=g","url":"https:\/\/secure.gravatar.com\/avatar\/0dc285cbe86eecc8073f119fcb2e2c7032b51533f5bb47611c7d4a598558b8b7?s=96&d=mm&r=g","height":96,"width":96}},"publisher":{"@type":"Organization","name":"archall.cz","logo":{"@type":"ImageObject","@id":"\/logo.png","url":"\/logo.png","width":600,"height":60}},"image":{"@type":"ImageObject","@id":"https:\/\/www.archall.cz\/wp-content\/uploads\/hol%C4%8Di%C4%8Dka%20si%20hraje.jpeg","url":"https:\/\/www.archall.cz\/wp-content\/uploads\/hol%C4%8Di%C4%8Dka%20si%20hraje.jpeg","height":0,"width":0},"wordCount":743,"keywords":null},{"@type":"Article","@id":"https:\/\/www.archall.cz\/servis-virivych-van\/","headline":"Servis v\u00ed\u0159iv\u00fdch van","url":"https:\/\/www.archall.cz\/servis-virivych-van\/","datePublished":"2020-09-16","dateModified":"2023-05-15","mainEntityOfPage":"https:\/\/www.archall.cz\/servis-virivych-van\/","author":{"@type":"Person","@id":"https:\/\/www.archall.cz\/author\/#Person","name":"","url":"https:\/\/www.archall.cz\/author\/","identifier":1,"image":{"@type":"ImageObject","@id":"https:\/\/secure.gravatar.com\/avatar\/0dc285cbe86eecc8073f119fcb2e2c7032b51533f5bb47611c7d4a598558b8b7?s=96&d=mm&r=g","url":"https:\/\/secure.gravatar.com\/avatar\/0dc285cbe86eecc8073f119fcb2e2c7032b51533f5bb47611c7d4a598558b8b7?s=96&d=mm&r=g","height":96,"width":96}},"publisher":{"@type":"Organization","name":"archall.cz","logo":{"@type":"ImageObject","@id":"\/logo.png","url":"\/logo.png","width":600,"height":60}},"image":{"@type":"ImageObject","@id":"https:\/\/www.archall.cz\/wp-content\/uploads\/v%C3%AD%C5%99ivka_4.jpg","url":"https:\/\/www.archall.cz\/wp-content\/uploads\/v%C3%AD%C5%99ivka_4.jpg","height":0,"width":0},"wordCount":924,"keywords":null},{"@type":"Article","@id":"https:\/\/www.archall.cz\/co-vse-nabizi-seo-optimalizace-praha-ci-ppc-reklama-praha\/","headline":"Co v\u0161e nab\u00edz\u00ed SEO optimalizace Praha \u010di PPC reklama Praha","url":"https:\/\/www.archall.cz\/co-vse-nabizi-seo-optimalizace-praha-ci-ppc-reklama-praha\/","datePublished":"2020-09-15","dateModified":"2023-05-15","mainEntityOfPage":"https:\/\/www.archall.cz\/co-vse-nabizi-seo-optimalizace-praha-ci-ppc-reklama-praha\/","author":{"@type":"Person","@id":"https:\/\/www.archall.cz\/author\/#Person","name":"","url":"https:\/\/www.archall.cz\/author\/","identifier":1,"image":{"@type":"ImageObject","@id":"https:\/\/secure.gravatar.com\/avatar\/0dc285cbe86eecc8073f119fcb2e2c7032b51533f5bb47611c7d4a598558b8b7?s=96&d=mm&r=g","url":"https:\/\/secure.gravatar.com\/avatar\/0dc285cbe86eecc8073f119fcb2e2c7032b51533f5bb47611c7d4a598558b8b7?s=96&d=mm&r=g","height":96,"width":96}},"publisher":{"@type":"Organization","name":"archall.cz","logo":{"@type":"ImageObject","@id":"\/logo.png","url":"\/logo.png","width":600,"height":60}},"image":{"@type":"ImageObject","@id":"https:\/\/www.archall.cz\/wp-content\/uploads\/img_a387356_w4397_t1601457941.png","url":"https:\/\/www.archall.cz\/wp-content\/uploads\/img_a387356_w4397_t1601457941.png","height":0,"width":0},"wordCount":547,"keywords":null},{"@type":"Article","@id":"https:\/\/www.archall.cz\/jake-ucinky-ma-masaz-penisu-a-proc-byste-si-ji-meli-dopravat-pravidelne-neni-se-za-co-stydet\/","headline":"Jak\u00e9 \u00fa\u010dinky m\u00e1 mas\u00e1\u017e penisu a pro\u010d byste si ji m\u011bli dop\u0159\u00e1vat pravideln\u011b? Nen\u00ed se za co styd\u011bt!","url":"https:\/\/www.archall.cz\/jake-ucinky-ma-masaz-penisu-a-proc-byste-si-ji-meli-dopravat-pravidelne-neni-se-za-co-stydet\/","datePublished":"2020-08-14","dateModified":"2023-05-15","mainEntityOfPage":"https:\/\/www.archall.cz\/jake-ucinky-ma-masaz-penisu-a-proc-byste-si-ji-meli-dopravat-pravidelne-neni-se-za-co-stydet\/","author":{"@type":"Person","@id":"https:\/\/www.archall.cz\/author\/#Person","name":"","url":"https:\/\/www.archall.cz\/author\/","identifier":1,"image":{"@type":"ImageObject","@id":"https:\/\/secure.gravatar.com\/avatar\/0dc285cbe86eecc8073f119fcb2e2c7032b51533f5bb47611c7d4a598558b8b7?s=96&d=mm&r=g","url":"https:\/\/secure.gravatar.com\/avatar\/0dc285cbe86eecc8073f119fcb2e2c7032b51533f5bb47611c7d4a598558b8b7?s=96&d=mm&r=g","height":96,"width":96}},"publisher":{"@type":"Organization","name":"archall.cz","logo":{"@type":"ImageObject","@id":"\/logo.png","url":"\/logo.png","width":600,"height":60}},"image":{"@type":"ImageObject","@id":"https:\/\/www.archall.cz\/wp-content\/uploads\/pexels-photo-4041392_2.jpeg","url":"https:\/\/www.archall.cz\/wp-content\/uploads\/pexels-photo-4041392_2.jpeg","height":0,"width":0},"wordCount":593,"keywords":null},{"@type":"Article","@id":"https:\/\/www.archall.cz\/je-kamionova-doprava-skutecne-tak-vyhodny\/","headline":"Je kamionov\u00e1 doprava skute\u010dn\u011b tak v\u00fdhodn\u00fd?","url":"https:\/\/www.archall.cz\/je-kamionova-doprava-skutecne-tak-vyhodny\/","datePublished":"2020-08-08","dateModified":"2023-05-15","mainEntityOfPage":"https:\/\/www.archall.cz\/je-kamionova-doprava-skutecne-tak-vyhodny\/","author":{"@type":"Person","@id":"https:\/\/www.archall.cz\/author\/#Person","name":"","url":"https:\/\/www.archall.cz\/author\/","identifier":1,"image":{"@type":"ImageObject","@id":"https:\/\/secure.gravatar.com\/avatar\/0dc285cbe86eecc8073f119fcb2e2c7032b51533f5bb47611c7d4a598558b8b7?s=96&d=mm&r=g","url":"https:\/\/secure.gravatar.com\/avatar\/0dc285cbe86eecc8073f119fcb2e2c7032b51533f5bb47611c7d4a598558b8b7?s=96&d=mm&r=g","height":96,"width":96}},"publisher":{"@type":"Organization","name":"archall.cz","logo":{"@type":"ImageObject","@id":"\/logo.png","url":"\/logo.png","width":600,"height":60}},"image":{"@type":"ImageObject","@id":"https:\/\/www.archall.cz\/wp-content\/uploads\/kamion3_8.jpg","url":"https:\/\/www.archall.cz\/wp-content\/uploads\/kamion3_8.jpg","height":0,"width":0},"wordCount":681,"keywords":null}]},{"@context":"https:\/\/schema.org","@type":"WebSite","@id":"https:\/\/www.archall.cz\/#website","name":"Archall","url":"https:\/\/www.archall.cz","potentialAction":{"@type":"SearchAction","target":"https:\/\/www.archall.cz\/?s={search_term_string}","query-input":"required name=search_term_string"}}]