[{"@context":"https:\/\/schema.org\/","@type":"Blog","@id":"https:\/\/www.archall.cz#Blog","headline":"Archall","description":"\nNezn\u00e1te \u017e\u00e1dn\u00fd web, kde byste nalezli p\u0159esn\u011b takovou pomoc, jakou o\u010dek\u00e1v\u00e1te? My m\u00e1me p\u0159edstavu, o\u010d v\u00e1m jde, a proto najdete takovou pomoc u n\u00e1s.","url":"https:\/\/www.archall.cz","hasPart":[{"@type":"Article","@id":"https:\/\/www.archall.cz\/jak-spravne-skladovat-pecivo\/","headline":"Jak spr\u00e1vn\u011b skladovat pe\u010divo?","url":"https:\/\/www.archall.cz\/jak-spravne-skladovat-pecivo\/","datePublished":"2020-02-13","dateModified":"2023-05-15","mainEntityOfPage":"https:\/\/www.archall.cz\/jak-spravne-skladovat-pecivo\/","author":{"@type":"Person","@id":"https:\/\/www.archall.cz\/author\/#Person","name":"","url":"https:\/\/www.archall.cz\/author\/","identifier":1,"image":{"@type":"ImageObject","@id":"https:\/\/secure.gravatar.com\/avatar\/0dc285cbe86eecc8073f119fcb2e2c7032b51533f5bb47611c7d4a598558b8b7?s=96&d=mm&r=g","url":"https:\/\/secure.gravatar.com\/avatar\/0dc285cbe86eecc8073f119fcb2e2c7032b51533f5bb47611c7d4a598558b8b7?s=96&d=mm&r=g","height":96,"width":96}},"publisher":{"@type":"Organization","name":"archall.cz","logo":{"@type":"ImageObject","@id":"\/logo.png","url":"\/logo.png","width":600,"height":60}},"image":{"@type":"ImageObject","@id":"https:\/\/www.archall.cz\/wp-content\/uploads\/img_a371283_w3916_t1582777469.jpg","url":"https:\/\/www.archall.cz\/wp-content\/uploads\/img_a371283_w3916_t1582777469.jpg","height":0,"width":0},"wordCount":472,"keywords":null},{"@type":"Article","@id":"https:\/\/www.archall.cz\/pronajmete-si-kvalitni-dodavku\/","headline":"Pronajm\u011bte si kvalitn\u00ed dod\u00e1vku","url":"https:\/\/www.archall.cz\/pronajmete-si-kvalitni-dodavku\/","datePublished":"2020-02-08","dateModified":"2023-05-15","mainEntityOfPage":"https:\/\/www.archall.cz\/pronajmete-si-kvalitni-dodavku\/","author":{"@type":"Person","@id":"https:\/\/www.archall.cz\/author\/#Person","name":"","url":"https:\/\/www.archall.cz\/author\/","identifier":1,"image":{"@type":"ImageObject","@id":"https:\/\/secure.gravatar.com\/avatar\/0dc285cbe86eecc8073f119fcb2e2c7032b51533f5bb47611c7d4a598558b8b7?s=96&d=mm&r=g","url":"https:\/\/secure.gravatar.com\/avatar\/0dc285cbe86eecc8073f119fcb2e2c7032b51533f5bb47611c7d4a598558b8b7?s=96&d=mm&r=g","height":96,"width":96}},"publisher":{"@type":"Organization","name":"archall.cz","logo":{"@type":"ImageObject","@id":"\/logo.png","url":"\/logo.png","width":600,"height":60}},"image":{"@type":"ImageObject","@id":"https:\/\/www.archall.cz\/wp-content\/uploads\/img_a375838_w3916_t1587457637.png","url":"https:\/\/www.archall.cz\/wp-content\/uploads\/img_a375838_w3916_t1587457637.png","height":0,"width":0},"wordCount":550,"keywords":null},{"@type":"Article","@id":"https:\/\/www.archall.cz\/hypoteka-poskytnuta-od-nebankovni-spolecnosti\/","headline":"Hypot\u00e9ka poskytnut\u00e1 od nebankovn\u00ed spole\u010dnosti","url":"https:\/\/www.archall.cz\/hypoteka-poskytnuta-od-nebankovni-spolecnosti\/","datePublished":"2020-02-05","dateModified":"2023-05-15","mainEntityOfPage":"https:\/\/www.archall.cz\/hypoteka-poskytnuta-od-nebankovni-spolecnosti\/","author":{"@type":"Person","@id":"https:\/\/www.archall.cz\/author\/#Person","name":"","url":"https:\/\/www.archall.cz\/author\/","identifier":1,"image":{"@type":"ImageObject","@id":"https:\/\/secure.gravatar.com\/avatar\/0dc285cbe86eecc8073f119fcb2e2c7032b51533f5bb47611c7d4a598558b8b7?s=96&d=mm&r=g","url":"https:\/\/secure.gravatar.com\/avatar\/0dc285cbe86eecc8073f119fcb2e2c7032b51533f5bb47611c7d4a598558b8b7?s=96&d=mm&r=g","height":96,"width":96}},"publisher":{"@type":"Organization","name":"archall.cz","logo":{"@type":"ImageObject","@id":"\/logo.png","url":"\/logo.png","width":600,"height":60}},"image":{"@type":"ImageObject","@id":"https:\/\/www.archall.cz\/wp-content\/uploads\/img_a379995_w3571_t1591611843.jpg","url":"https:\/\/www.archall.cz\/wp-content\/uploads\/img_a379995_w3571_t1591611843.jpg","height":0,"width":0},"wordCount":524,"keywords":null},{"@type":"Article","@id":"https:\/\/www.archall.cz\/co-vam-rika-vstricnost\/","headline":"Co v\u00e1m \u0159\u00edk\u00e1 vst\u0159\u00edcnost?","url":"https:\/\/www.archall.cz\/co-vam-rika-vstricnost\/","datePublished":"2020-01-26","dateModified":"2023-05-15","mainEntityOfPage":"https:\/\/www.archall.cz\/co-vam-rika-vstricnost\/","author":{"@type":"Person","@id":"https:\/\/www.archall.cz\/author\/#Person","name":"","url":"https:\/\/www.archall.cz\/author\/","identifier":1,"image":{"@type":"ImageObject","@id":"https:\/\/secure.gravatar.com\/avatar\/0dc285cbe86eecc8073f119fcb2e2c7032b51533f5bb47611c7d4a598558b8b7?s=96&d=mm&r=g","url":"https:\/\/secure.gravatar.com\/avatar\/0dc285cbe86eecc8073f119fcb2e2c7032b51533f5bb47611c7d4a598558b8b7?s=96&d=mm&r=g","height":96,"width":96}},"publisher":{"@type":"Organization","name":"archall.cz","logo":{"@type":"ImageObject","@id":"\/logo.png","url":"\/logo.png","width":600,"height":60}},"image":{"@type":"ImageObject","@id":"https:\/\/www.archall.cz\/wp-content\/uploads\/img_a378701_w3916_t1589879265.jpg","url":"https:\/\/www.archall.cz\/wp-content\/uploads\/img_a378701_w3916_t1589879265.jpg","height":0,"width":0},"wordCount":507,"keywords":null},{"@type":"Article","@id":"https:\/\/www.archall.cz\/pro-koho-je-nebankovni-hypoteka-vhodna\/","headline":"Pro koho je nebankovn\u00ed hypot\u00e9ka vhodn\u00e1","url":"https:\/\/www.archall.cz\/pro-koho-je-nebankovni-hypoteka-vhodna\/","datePublished":"2020-01-02","dateModified":"2023-05-15","mainEntityOfPage":"https:\/\/www.archall.cz\/pro-koho-je-nebankovni-hypoteka-vhodna\/","author":{"@type":"Person","@id":"https:\/\/www.archall.cz\/author\/#Person","name":"","url":"https:\/\/www.archall.cz\/author\/","identifier":1,"image":{"@type":"ImageObject","@id":"https:\/\/secure.gravatar.com\/avatar\/0dc285cbe86eecc8073f119fcb2e2c7032b51533f5bb47611c7d4a598558b8b7?s=96&d=mm&r=g","url":"https:\/\/secure.gravatar.com\/avatar\/0dc285cbe86eecc8073f119fcb2e2c7032b51533f5bb47611c7d4a598558b8b7?s=96&d=mm&r=g","height":96,"width":96}},"publisher":{"@type":"Organization","name":"archall.cz","logo":{"@type":"ImageObject","@id":"\/logo.png","url":"\/logo.png","width":600,"height":60}},"image":{"@type":"ImageObject","@id":"https:\/\/www.archall.cz\/wp-content\/uploads\/img_a378808_w4302_t1590046012.jpg","url":"https:\/\/www.archall.cz\/wp-content\/uploads\/img_a378808_w4302_t1590046012.jpg","height":0,"width":0},"wordCount":600,"keywords":null},{"@type":"Article","@id":"https:\/\/www.archall.cz\/designove-vypinace\/","headline":"Designov\u00e9 vyp\u00edna\u010de","url":"https:\/\/www.archall.cz\/designove-vypinace\/","datePublished":"2019-12-08","dateModified":"2023-10-31","mainEntityOfPage":"https:\/\/www.archall.cz\/designove-vypinace\/","author":{"@type":"Person","@id":"https:\/\/www.archall.cz\/author\/#Person","name":"","url":"https:\/\/www.archall.cz\/author\/","identifier":1,"image":{"@type":"ImageObject","@id":"https:\/\/secure.gravatar.com\/avatar\/0dc285cbe86eecc8073f119fcb2e2c7032b51533f5bb47611c7d4a598558b8b7?s=96&d=mm&r=g","url":"https:\/\/secure.gravatar.com\/avatar\/0dc285cbe86eecc8073f119fcb2e2c7032b51533f5bb47611c7d4a598558b8b7?s=96&d=mm&r=g","height":96,"width":96}},"publisher":{"@type":"Organization","name":"archall.cz","logo":{"@type":"ImageObject","@id":"\/logo.png","url":"\/logo.png","width":600,"height":60}},"image":{"@type":"ImageObject","@id":"https:\/\/www.archall.cz\/wp-content\/uploads\/img_a378241_w3916_t1589446899.jpg","url":"https:\/\/www.archall.cz\/wp-content\/uploads\/img_a378241_w3916_t1589446899.jpg","height":0,"width":0},"wordCount":553,"keywords":null},{"@type":"Article","@id":"https:\/\/www.archall.cz\/zmente-nakupovani-s-detmi-v-rodinnou-zabavu\/","headline":"Zm\u011b\u0148te nakupov\u00e1n\u00ed s d\u011btmi v rodinnou z\u00e1bavu","url":"https:\/\/www.archall.cz\/zmente-nakupovani-s-detmi-v-rodinnou-zabavu\/","datePublished":"2019-11-23","dateModified":"2023-05-15","mainEntityOfPage":"https:\/\/www.archall.cz\/zmente-nakupovani-s-detmi-v-rodinnou-zabavu\/","author":{"@type":"Person","@id":"https:\/\/www.archall.cz\/author\/#Person","name":"","url":"https:\/\/www.archall.cz\/author\/","identifier":1,"image":{"@type":"ImageObject","@id":"https:\/\/secure.gravatar.com\/avatar\/0dc285cbe86eecc8073f119fcb2e2c7032b51533f5bb47611c7d4a598558b8b7?s=96&d=mm&r=g","url":"https:\/\/secure.gravatar.com\/avatar\/0dc285cbe86eecc8073f119fcb2e2c7032b51533f5bb47611c7d4a598558b8b7?s=96&d=mm&r=g","height":96,"width":96}},"publisher":{"@type":"Organization","name":"archall.cz","logo":{"@type":"ImageObject","@id":"\/logo.png","url":"\/logo.png","width":600,"height":60}},"image":{"@type":"ImageObject","@id":"https:\/\/www.archall.cz\/wp-content\/uploads\/img_a359100_w3916_t1573290870.jpg","url":"https:\/\/www.archall.cz\/wp-content\/uploads\/img_a359100_w3916_t1573290870.jpg","height":0,"width":0},"wordCount":558,"keywords":null},{"@type":"Article","@id":"https:\/\/www.archall.cz\/nabytek-co-se-vejde-kamkoliv\/","headline":"N\u00e1bytek, co se vejde kamkoliv","url":"https:\/\/www.archall.cz\/nabytek-co-se-vejde-kamkoliv\/","datePublished":"2019-11-21","dateModified":"2023-05-15","mainEntityOfPage":"https:\/\/www.archall.cz\/nabytek-co-se-vejde-kamkoliv\/","author":{"@type":"Person","@id":"https:\/\/www.archall.cz\/author\/#Person","name":"","url":"https:\/\/www.archall.cz\/author\/","identifier":1,"image":{"@type":"ImageObject","@id":"https:\/\/secure.gravatar.com\/avatar\/0dc285cbe86eecc8073f119fcb2e2c7032b51533f5bb47611c7d4a598558b8b7?s=96&d=mm&r=g","url":"https:\/\/secure.gravatar.com\/avatar\/0dc285cbe86eecc8073f119fcb2e2c7032b51533f5bb47611c7d4a598558b8b7?s=96&d=mm&r=g","height":96,"width":96}},"publisher":{"@type":"Organization","name":"archall.cz","logo":{"@type":"ImageObject","@id":"\/logo.png","url":"\/logo.png","width":600,"height":60}},"image":{"@type":"ImageObject","@id":"https:\/\/www.archall.cz\/wp-content\/uploads\/img_a376814_w3916_t1588663627.png","url":"https:\/\/www.archall.cz\/wp-content\/uploads\/img_a376814_w3916_t1588663627.png","height":0,"width":0},"wordCount":594,"keywords":null},{"@type":"Article","@id":"https:\/\/www.archall.cz\/neznalost-neomlouva\/","headline":"Neznalost neomlouv\u00e1","url":"https:\/\/www.archall.cz\/neznalost-neomlouva\/","datePublished":"2019-11-14","dateModified":"2023-05-15","mainEntityOfPage":"https:\/\/www.archall.cz\/neznalost-neomlouva\/","author":{"@type":"Person","@id":"https:\/\/www.archall.cz\/author\/#Person","name":"","url":"https:\/\/www.archall.cz\/author\/","identifier":1,"image":{"@type":"ImageObject","@id":"https:\/\/secure.gravatar.com\/avatar\/0dc285cbe86eecc8073f119fcb2e2c7032b51533f5bb47611c7d4a598558b8b7?s=96&d=mm&r=g","url":"https:\/\/secure.gravatar.com\/avatar\/0dc285cbe86eecc8073f119fcb2e2c7032b51533f5bb47611c7d4a598558b8b7?s=96&d=mm&r=g","height":96,"width":96}},"publisher":{"@type":"Organization","name":"archall.cz","logo":{"@type":"ImageObject","@id":"\/logo.png","url":"\/logo.png","width":600,"height":60}},"image":{"@type":"ImageObject","@id":"https:\/\/www.archall.cz\/wp-content\/uploads\/img_a361033_w3916_t1574525857.jpg","url":"https:\/\/www.archall.cz\/wp-content\/uploads\/img_a361033_w3916_t1574525857.jpg","height":0,"width":0},"wordCount":468,"keywords":null},{"@type":"Article","@id":"https:\/\/www.archall.cz\/je-sledovani-youtube-pro-deti-vhodne\/","headline":"Je sledov\u00e1n\u00ed Youtube pro d\u011bti vhodn\u00e9?","url":"https:\/\/www.archall.cz\/je-sledovani-youtube-pro-deti-vhodne\/","datePublished":"2019-11-08","dateModified":"2023-05-15","mainEntityOfPage":"https:\/\/www.archall.cz\/je-sledovani-youtube-pro-deti-vhodne\/","author":{"@type":"Person","@id":"https:\/\/www.archall.cz\/author\/#Person","name":"","url":"https:\/\/www.archall.cz\/author\/","identifier":1,"image":{"@type":"ImageObject","@id":"https:\/\/secure.gravatar.com\/avatar\/0dc285cbe86eecc8073f119fcb2e2c7032b51533f5bb47611c7d4a598558b8b7?s=96&d=mm&r=g","url":"https:\/\/secure.gravatar.com\/avatar\/0dc285cbe86eecc8073f119fcb2e2c7032b51533f5bb47611c7d4a598558b8b7?s=96&d=mm&r=g","height":96,"width":96}},"publisher":{"@type":"Organization","name":"archall.cz","logo":{"@type":"ImageObject","@id":"\/logo.png","url":"\/logo.png","width":600,"height":60}},"image":{"@type":"ImageObject","@id":"https:\/\/www.archall.cz\/wp-content\/uploads\/img_a361374_w3916_t1574606619.jpg","url":"https:\/\/www.archall.cz\/wp-content\/uploads\/img_a361374_w3916_t1574606619.jpg","height":0,"width":0},"wordCount":643,"keywords":null}]},{"@context":"https:\/\/schema.org","@type":"WebSite","@id":"https:\/\/www.archall.cz\/#website","name":"Archall","url":"https:\/\/www.archall.cz","potentialAction":{"@type":"SearchAction","target":"https:\/\/www.archall.cz\/?s={search_term_string}","query-input":"required name=search_term_string"}}]