[{"@context":"https:\/\/schema.org\/","@type":"Article","@id":"https:\/\/www.archall.cz\/severska-filmova-zima\/#Article","mainEntityOfPage":"https:\/\/www.archall.cz\/severska-filmova-zima\/","headline":"Seversk\u00e1 filmov\u00e1 zima","name":"Seversk\u00e1 filmov\u00e1 zima","description":"Ze Zl\u00edna se tedy seversk\u00e9 filmy st\u011bhuj\u00ed do Prahy. Lo\u0148sk\u00fd Zl\u00edn to m\u00e1 za sebou a nyn\u00ed se mus\u00ed seve\u0159an\u00e9 p\u0159edv\u00e9st v&nbsp;na\u0161\u00ed stov\u011b\u017eat\u00e9 mati\u010dce. Co v\u0161echno bude k&nbsp;vid\u011bn\u00ed a kdo p\u0159esn\u011b po\u0159\u00e1d\u00e1 a kdo to zah\u00e1j\u00ed? Festival zah\u00e1j\u00ed ve \u010dtvrtek 8. \u00fanora 2018 velvyslankyn\u011b Finska &hellip; ","datePublished":"2017-12-22","dateModified":"2023-05-15","author":{"@type":"Person","@id":"https:\/\/www.archall.cz\/author\/#Person","name":"","url":"https:\/\/www.archall.cz\/author\/","identifier":1,"image":{"@type":"ImageObject","@id":"https:\/\/secure.gravatar.com\/avatar\/0dc285cbe86eecc8073f119fcb2e2c7032b51533f5bb47611c7d4a598558b8b7?s=96&d=mm&r=g","url":"https:\/\/secure.gravatar.com\/avatar\/0dc285cbe86eecc8073f119fcb2e2c7032b51533f5bb47611c7d4a598558b8b7?s=96&d=mm&r=g","height":96,"width":96}},"publisher":{"@type":"Organization","name":"archall.cz","logo":{"@type":"ImageObject","@id":"\/logo.png","url":"\/logo.png","width":600,"height":60}},"image":{"@type":"ImageObject","@id":"https:\/\/www.archall.cz\/wp-content\/uploads\/img_a308215_w2350_t1519329879.png","url":"https:\/\/www.archall.cz\/wp-content\/uploads\/img_a308215_w2350_t1519329879.png","height":0,"width":0},"url":"https:\/\/www.archall.cz\/severska-filmova-zima\/","about":["Z\u00e1bava"],"wordCount":418,"articleBody":"Ze Zl\u00edna se tedy seversk\u00e9 filmy st\u011bhuj\u00ed do Prahy. Lo\u0148sk\u00fd Zl\u00edn to m\u00e1 za sebou a nyn\u00ed se mus\u00ed seve\u0159an\u00e9 p\u0159edv\u00e9st v&nbsp;na\u0161\u00ed stov\u011b\u017eat\u00e9 mati\u010dce. Co v\u0161echno bude k&nbsp;vid\u011bn\u00ed a kdo p\u0159esn\u011b po\u0159\u00e1d\u00e1 a kdo to zah\u00e1j\u00ed?Festival zah\u00e1j\u00ed ve \u010dtvrtek 8. \u00fanora 2018 velvyslankyn\u011b Finska Helena Tuuri, a k&nbsp;vid\u011bn\u00ed bude dvacet osm film\u016f. Sam\u00e9 osmi\u010dky, a to je\u0161t\u011b bude vylosov\u00e1no osm div\u00e1k\u016f. Ofici\u00e1ln\u00edho po\u0159adatele uv\u00e1d\u00edm v\u00fd\u0161e. V\u0161e se d\u011bje za finan\u010dn\u00ed podpory jist\u00e9 spole\u010dnosti Czech Republic s.r.o., Ministerstva kultury \u010cR, Magistr\u00e1tu hlavn\u00edho m\u011bsta Prahy, Magistr\u00e1tu m\u011bsta Brna a ambas\u00e1d seversk\u00fdch st\u00e1t\u016f.Div\u00e1ci uvid\u00ed star\u0161\u00ed sn\u00edmky, ale tak\u00e9 osm novinek. Budou zde komedie, ale tak\u00e9 dramata. Z&nbsp;nich je to nap\u0159\u00edklad d\u00e1nsk\u00e9 drama baletky, kter\u00e9 je diagnostikov\u00e1no po\u0161kozen\u00ed ky\u010dl\u00ed (Darling), nebo norsk\u00e9 drama Z balkonu. Tak tro\u0161i\u010dku sci-fi bude sn\u00edmek \u00dat\u011bk do budoucnosti, nebo p\u0159\u00edb\u011bh d\u00edvky propu\u0161t\u011bn\u00e9 z&nbsp;v\u011bzen\u00ed (Nep\u0159est\u00e1vej sn\u00edt).&nbsp;Seversk\u00e9 zem\u011b nejsou jen Norsko, \u0160v\u00e9dsko, Finsko a D\u00e1nsko. Pat\u0159\u00ed sem tak\u00e9 zem\u011b pobaltsk\u00e9. Uvid\u00edme nap\u0159\u00edklad estonsk\u00fd film Hrdinov\u00e9, co\u017e je takov\u00e1 retro komedie, a T\u0159\u00eddn\u00ed sraz po estonsku. Toto by m\u011bl b\u00fdt remake d\u00e1nsk\u00e9ho sn\u00edmku. A na z\u00e1v\u011br je\u0161t\u011b budu jmenovat litevsk\u00fd sn\u00edmek V\u00fdletnice, kter\u00fd je o desetilet\u00e9 d\u00edvce, kter\u00e9 se povedlo uprchnout z&nbsp;deporta\u010dn\u00edho vlaku.Z&nbsp;trochu jin\u00e9ho soudku bude finsk\u00fd sn\u00edmek, kter\u00fd trochu zavad\u00ed o sex. Jmenuje se Na v\u011b\u010dn\u00e9 \u010dasy a je o dob\u011b, kdy do finsk\u00e9ho m\u011bste\u010dka zav\u00edtala sexu\u00e1ln\u00ed revoluce.V\u0161echny filmy budou opat\u0159eny v\u00edce barevn\u00fdmi titulky pro sluchov\u011b posti\u017een\u00e9 publikum. V&nbsp;Ostrav\u011b, Brn\u011b a Praze nav\u00edc budou ve sn\u00edmku i titulky anglick\u00e9.Mysl\u00edm si, \u017ee je rozhodn\u011b z&nbsp;\u010deho vyb\u00edrat. P\u0159\u00edznivce ka\u017ed\u00e9ho \u017e\u00e1nru n\u011bco p\u0159il\u00e1k\u00e1. Seversk\u00e1 filmov\u00e1 \u0161kola d\u00e1v\u00e1 dobr\u00e9 v\u00fdsledky, a zcela ur\u010dit\u011b zaujme hodn\u011b div\u00e1k\u016f. Z&nbsp;m\u00e9 strany nezb\u00fdv\u00e1, ne\u017e v\u00e1m pop\u0159\u00e1t abyste sehnali vstupenky bez obt\u00ed\u017e\u00ed a pop\u0159\u00e1t v\u00e1m nik\u00fdm neru\u0161enou pod\u00edvanou.                                                                                                                                                                                                                                                                                                                                                                                        3.8\/5 - (13 votes)        "},{"@context":"https:\/\/schema.org\/","@type":"BreadcrumbList","itemListElement":[{"@type":"ListItem","position":1,"name":"Seversk\u00e1 filmov\u00e1 zima","item":"https:\/\/www.archall.cz\/severska-filmova-zima\/#breadcrumbitem"}]}]