{"@context":"https:\/\/schema.org\/","@type":"CollectionPage","@id":"https:\/\/www.archall.cz\/veda\/#CollectionPage","headline":"V\u011bda Category","description":"","url":"https:\/\/www.archall.cz\/veda\/","hasPart":[{"@type":"Article","@id":"https:\/\/www.archall.cz\/znaly-stare-narody-elektrinu\/","headline":"Znaly star\u00e9 n\u00e1rody elekt\u0159inu?","url":"https:\/\/www.archall.cz\/znaly-stare-narody-elektrinu\/","datePublished":"2022-08-23","dateModified":"2023-05-15","mainEntityOfPage":"https:\/\/www.archall.cz\/znaly-stare-narody-elektrinu\/","author":{"@type":"Person","@id":"https:\/\/www.archall.cz\/author\/#Person","name":"","url":"https:\/\/www.archall.cz\/author\/","identifier":1,"image":{"@type":"ImageObject","@id":"https:\/\/secure.gravatar.com\/avatar\/0dc285cbe86eecc8073f119fcb2e2c7032b51533f5bb47611c7d4a598558b8b7?s=96&d=mm&r=g","url":"https:\/\/secure.gravatar.com\/avatar\/0dc285cbe86eecc8073f119fcb2e2c7032b51533f5bb47611c7d4a598558b8b7?s=96&d=mm&r=g","height":96,"width":96}},"publisher":{"@type":"Organization","name":"archall.cz","logo":{"@type":"ImageObject","@id":"\/logo.png","url":"\/logo.png","width":600,"height":60}},"image":{"@type":"ImageObject","@id":"https:\/\/www.archall.cz\/wp-content\/uploads\/egypt1_1.jpg","url":"https:\/\/www.archall.cz\/wp-content\/uploads\/egypt1_1.jpg","height":0,"width":0},"keywords":null},{"@type":"Article","@id":"https:\/\/www.archall.cz\/jaka-uskali-je-potreba-prekonat-pri-klonovani-mamutu\/","headline":"Jak\u00e1 \u00faskal\u00ed je pot\u0159eba p\u0159ekonat p\u0159i klonov\u00e1n\u00ed mamut\u016f","url":"https:\/\/www.archall.cz\/jaka-uskali-je-potreba-prekonat-pri-klonovani-mamutu\/","datePublished":"2022-01-09","dateModified":"2023-05-15","mainEntityOfPage":"https:\/\/www.archall.cz\/jaka-uskali-je-potreba-prekonat-pri-klonovani-mamutu\/","author":{"@type":"Person","@id":"https:\/\/www.archall.cz\/author\/#Person","name":"","url":"https:\/\/www.archall.cz\/author\/","identifier":1,"image":{"@type":"ImageObject","@id":"https:\/\/secure.gravatar.com\/avatar\/0dc285cbe86eecc8073f119fcb2e2c7032b51533f5bb47611c7d4a598558b8b7?s=96&d=mm&r=g","url":"https:\/\/secure.gravatar.com\/avatar\/0dc285cbe86eecc8073f119fcb2e2c7032b51533f5bb47611c7d4a598558b8b7?s=96&d=mm&r=g","height":96,"width":96}},"publisher":{"@type":"Organization","name":"archall.cz","logo":{"@type":"ImageObject","@id":"\/logo.png","url":"\/logo.png","width":600,"height":60}},"image":{"@type":"ImageObject","@id":"https:\/\/www.archall.cz\/wp-content\/uploads\/mamut1.png","url":"https:\/\/www.archall.cz\/wp-content\/uploads\/mamut1.png","height":0,"width":0},"keywords":null},{"@type":"Article","@id":"https:\/\/www.archall.cz\/pavoukovci-arachnologie\/","headline":"Pavoukovci &#8211; arachnologie","url":"https:\/\/www.archall.cz\/pavoukovci-arachnologie\/","datePublished":"2021-11-01","dateModified":"2023-05-15","mainEntityOfPage":"https:\/\/www.archall.cz\/pavoukovci-arachnologie\/","author":{"@type":"Person","@id":"https:\/\/www.archall.cz\/author\/#Person","name":"","url":"https:\/\/www.archall.cz\/author\/","identifier":1,"image":{"@type":"ImageObject","@id":"https:\/\/secure.gravatar.com\/avatar\/0dc285cbe86eecc8073f119fcb2e2c7032b51533f5bb47611c7d4a598558b8b7?s=96&d=mm&r=g","url":"https:\/\/secure.gravatar.com\/avatar\/0dc285cbe86eecc8073f119fcb2e2c7032b51533f5bb47611c7d4a598558b8b7?s=96&d=mm&r=g","height":96,"width":96}},"publisher":{"@type":"Organization","name":"archall.cz","logo":{"@type":"ImageObject","@id":"\/logo.png","url":"\/logo.png","width":600,"height":60}},"image":{"@type":"ImageObject","@id":"https:\/\/www.archall.cz\/wp-content\/uploads\/spider-g73376fd60_640.jpg","url":"https:\/\/www.archall.cz\/wp-content\/uploads\/spider-g73376fd60_640.jpg","height":0,"width":0},"keywords":null},{"@type":"Article","@id":"https:\/\/www.archall.cz\/pocasi-nebo-klima\/","headline":"Po\u010das\u00ed nebo klima?","url":"https:\/\/www.archall.cz\/pocasi-nebo-klima\/","datePublished":"2019-11-03","dateModified":"2023-05-15","mainEntityOfPage":"https:\/\/www.archall.cz\/pocasi-nebo-klima\/","author":{"@type":"Person","@id":"https:\/\/www.archall.cz\/author\/#Person","name":"","url":"https:\/\/www.archall.cz\/author\/","identifier":1,"image":{"@type":"ImageObject","@id":"https:\/\/secure.gravatar.com\/avatar\/0dc285cbe86eecc8073f119fcb2e2c7032b51533f5bb47611c7d4a598558b8b7?s=96&d=mm&r=g","url":"https:\/\/secure.gravatar.com\/avatar\/0dc285cbe86eecc8073f119fcb2e2c7032b51533f5bb47611c7d4a598558b8b7?s=96&d=mm&r=g","height":96,"width":96}},"publisher":{"@type":"Organization","name":"archall.cz","logo":{"@type":"ImageObject","@id":"\/logo.png","url":"\/logo.png","width":600,"height":60}},"image":{"@type":"ImageObject","@id":"https:\/\/www.archall.cz\/wp-content\/uploads\/img_a359222_w3916_t1573313134.jpg","url":"https:\/\/www.archall.cz\/wp-content\/uploads\/img_a359222_w3916_t1573313134.jpg","height":0,"width":0},"keywords":null}]}