{"@context":"https:\/\/schema.org\/","@type":"CollectionPage","@id":"https:\/\/www.archall.cz\/nakupy\/#CollectionPage","headline":"N\u00e1kupy Category","description":"","url":"https:\/\/www.archall.cz\/nakupy\/","hasPart":[{"@type":"Article","@id":"https:\/\/www.archall.cz\/svatebni-den-je-jen-vas-budte-nadherna\/","headline":"Svatebn\u00ed den je jen v\u00e1\u0161. Bu\u010fte n\u00e1dhern\u00e1!","url":"https:\/\/www.archall.cz\/svatebni-den-je-jen-vas-budte-nadherna\/","datePublished":"2026-01-22","dateModified":"2026-01-22","mainEntityOfPage":"https:\/\/www.archall.cz\/svatebni-den-je-jen-vas-budte-nadherna\/","author":{"@type":"Person","@id":"https:\/\/www.archall.cz\/author\/#Person","name":"","url":"https:\/\/www.archall.cz\/author\/","identifier":1,"image":{"@type":"ImageObject","@id":"https:\/\/secure.gravatar.com\/avatar\/0dc285cbe86eecc8073f119fcb2e2c7032b51533f5bb47611c7d4a598558b8b7?s=96&d=mm&r=g","url":"https:\/\/secure.gravatar.com\/avatar\/0dc285cbe86eecc8073f119fcb2e2c7032b51533f5bb47611c7d4a598558b8b7?s=96&d=mm&r=g","height":96,"width":96}},"publisher":{"@type":"Organization","name":"archall.cz","logo":{"@type":"ImageObject","@id":"\/logo.png","url":"\/logo.png","width":600,"height":60}},"image":{"@type":"ImageObject","@id":"https:\/\/www.archall.cz\/wp-content\/uploads\/thomas-ae-KRPCwGCzUJs-unsplash_3.jpg","url":"https:\/\/www.archall.cz\/wp-content\/uploads\/thomas-ae-KRPCwGCzUJs-unsplash_3.jpg","height":0,"width":0},"keywords":null},{"@type":"Article","@id":"https:\/\/www.archall.cz\/je-lepsi-kotel-na-drevo-nebo-na-uhli\/","headline":"Je lep\u0161\u00ed kotel na d\u0159evo nebo na uhl\u00ed?","url":"https:\/\/www.archall.cz\/je-lepsi-kotel-na-drevo-nebo-na-uhli\/","datePublished":"2026-01-17","dateModified":"2026-01-17","mainEntityOfPage":"https:\/\/www.archall.cz\/je-lepsi-kotel-na-drevo-nebo-na-uhli\/","author":{"@type":"Person","@id":"https:\/\/www.archall.cz\/author\/#Person","name":"","url":"https:\/\/www.archall.cz\/author\/","identifier":1,"image":{"@type":"ImageObject","@id":"https:\/\/secure.gravatar.com\/avatar\/0dc285cbe86eecc8073f119fcb2e2c7032b51533f5bb47611c7d4a598558b8b7?s=96&d=mm&r=g","url":"https:\/\/secure.gravatar.com\/avatar\/0dc285cbe86eecc8073f119fcb2e2c7032b51533f5bb47611c7d4a598558b8b7?s=96&d=mm&r=g","height":96,"width":96}},"publisher":{"@type":"Organization","name":"archall.cz","logo":{"@type":"ImageObject","@id":"\/logo.png","url":"\/logo.png","width":600,"height":60}},"image":{"@type":"ImageObject","@id":"https:\/\/www.archall.cz\/wp-content\/uploads\/topeni1_3.png","url":"https:\/\/www.archall.cz\/wp-content\/uploads\/topeni1_3.png","height":0,"width":0},"keywords":null},{"@type":"Article","@id":"https:\/\/www.archall.cz\/jak-mohou-byt-reseny-akumulacni-baterie-fotovoltaika\/","headline":"Jak mohou b\u00fdt \u0159e\u0161eny akumula\u010dn\u00ed baterie fotovoltaika","url":"https:\/\/www.archall.cz\/jak-mohou-byt-reseny-akumulacni-baterie-fotovoltaika\/","datePublished":"2025-12-09","dateModified":"2025-12-09","mainEntityOfPage":"https:\/\/www.archall.cz\/jak-mohou-byt-reseny-akumulacni-baterie-fotovoltaika\/","author":{"@type":"Person","@id":"https:\/\/www.archall.cz\/author\/#Person","name":"","url":"https:\/\/www.archall.cz\/author\/","identifier":1,"image":{"@type":"ImageObject","@id":"https:\/\/secure.gravatar.com\/avatar\/0dc285cbe86eecc8073f119fcb2e2c7032b51533f5bb47611c7d4a598558b8b7?s=96&d=mm&r=g","url":"https:\/\/secure.gravatar.com\/avatar\/0dc285cbe86eecc8073f119fcb2e2c7032b51533f5bb47611c7d4a598558b8b7?s=96&d=mm&r=g","height":96,"width":96}},"publisher":{"@type":"Organization","name":"archall.cz","logo":{"@type":"ImageObject","@id":"\/logo.png","url":"\/logo.png","width":600,"height":60}},"image":{"@type":"ImageObject","@id":"https:\/\/www.archall.cz\/wp-content\/uploads\/fotovoltaika3_10_4.jpg","url":"https:\/\/www.archall.cz\/wp-content\/uploads\/fotovoltaika3_10_4.jpg","height":0,"width":0},"keywords":null},{"@type":"Article","@id":"https:\/\/www.archall.cz\/nadherne-saty\/","headline":"N\u00e1dhern\u00e9 \u0161aty","url":"https:\/\/www.archall.cz\/nadherne-saty\/","datePublished":"2025-11-26","dateModified":"2025-11-26","mainEntityOfPage":"https:\/\/www.archall.cz\/nadherne-saty\/","author":{"@type":"Person","@id":"https:\/\/www.archall.cz\/author\/#Person","name":"","url":"https:\/\/www.archall.cz\/author\/","identifier":1,"image":{"@type":"ImageObject","@id":"https:\/\/secure.gravatar.com\/avatar\/0dc285cbe86eecc8073f119fcb2e2c7032b51533f5bb47611c7d4a598558b8b7?s=96&d=mm&r=g","url":"https:\/\/secure.gravatar.com\/avatar\/0dc285cbe86eecc8073f119fcb2e2c7032b51533f5bb47611c7d4a598558b8b7?s=96&d=mm&r=g","height":96,"width":96}},"publisher":{"@type":"Organization","name":"archall.cz","logo":{"@type":"ImageObject","@id":"\/logo.png","url":"\/logo.png","width":600,"height":60}},"image":{"@type":"ImageObject","@id":"https:\/\/www.archall.cz\/wp-content\/uploads\/wedding-5955351_640_5.jpg","url":"https:\/\/www.archall.cz\/wp-content\/uploads\/wedding-5955351_640_5.jpg","height":0,"width":0},"keywords":null},{"@type":"Article","@id":"https:\/\/www.archall.cz\/alternativni-kava-s-hrnkem-s-potiskem-jako-originalni-darek\/","headline":"Alternativn\u00ed k\u00e1va s hrnkem s potiskem jako origin\u00e1ln\u00ed d\u00e1rek","url":"https:\/\/www.archall.cz\/alternativni-kava-s-hrnkem-s-potiskem-jako-originalni-darek\/","datePublished":"2025-08-16","dateModified":"2025-08-16","mainEntityOfPage":"https:\/\/www.archall.cz\/alternativni-kava-s-hrnkem-s-potiskem-jako-originalni-darek\/","author":{"@type":"Person","@id":"https:\/\/www.archall.cz\/author\/#Person","name":"","url":"https:\/\/www.archall.cz\/author\/","identifier":1,"image":{"@type":"ImageObject","@id":"https:\/\/secure.gravatar.com\/avatar\/0dc285cbe86eecc8073f119fcb2e2c7032b51533f5bb47611c7d4a598558b8b7?s=96&d=mm&r=g","url":"https:\/\/secure.gravatar.com\/avatar\/0dc285cbe86eecc8073f119fcb2e2c7032b51533f5bb47611c7d4a598558b8b7?s=96&d=mm&r=g","height":96,"width":96}},"publisher":{"@type":"Organization","name":"archall.cz","logo":{"@type":"ImageObject","@id":"\/logo.png","url":"\/logo.png","width":600,"height":60}},"image":{"@type":"ImageObject","@id":"https:\/\/www.archall.cz\/wp-content\/uploads\/mugs-459324_640_8.jpg","url":"https:\/\/www.archall.cz\/wp-content\/uploads\/mugs-459324_640_8.jpg","height":0,"width":0},"keywords":null},{"@type":"Article","@id":"https:\/\/www.archall.cz\/sup-do-bazenu\/","headline":"\u0160up do baz\u00e9nu","url":"https:\/\/www.archall.cz\/sup-do-bazenu\/","datePublished":"2024-04-13","dateModified":"2024-05-14","mainEntityOfPage":"https:\/\/www.archall.cz\/sup-do-bazenu\/","author":{"@type":"Person","@id":"https:\/\/www.archall.cz\/author\/#Person","name":"","url":"https:\/\/www.archall.cz\/author\/","identifier":1,"image":{"@type":"ImageObject","@id":"https:\/\/secure.gravatar.com\/avatar\/0dc285cbe86eecc8073f119fcb2e2c7032b51533f5bb47611c7d4a598558b8b7?s=96&d=mm&r=g","url":"https:\/\/secure.gravatar.com\/avatar\/0dc285cbe86eecc8073f119fcb2e2c7032b51533f5bb47611c7d4a598558b8b7?s=96&d=mm&r=g","height":96,"width":96}},"publisher":{"@type":"Organization","name":"archall.cz","logo":{"@type":"ImageObject","@id":"\/logo.png","url":"\/logo.png","width":600,"height":60}},"image":{"@type":"ImageObject","@id":"https:\/\/www.archall.cz\/wp-content\/uploads\/bbbbb.jpg","url":"https:\/\/www.archall.cz\/wp-content\/uploads\/bbbbb.jpg","height":0,"width":0},"keywords":null},{"@type":"Article","@id":"https:\/\/www.archall.cz\/trapi-neco-vaseho-muze\/","headline":"Tr\u00e1p\u00ed n\u011bco va\u0161eho mu\u017ee?","url":"https:\/\/www.archall.cz\/trapi-neco-vaseho-muze\/","datePublished":"2023-12-31","dateModified":"2024-05-29","mainEntityOfPage":"https:\/\/www.archall.cz\/trapi-neco-vaseho-muze\/","author":{"@type":"Person","@id":"https:\/\/www.archall.cz\/author\/#Person","name":"","url":"https:\/\/www.archall.cz\/author\/","identifier":1,"image":{"@type":"ImageObject","@id":"https:\/\/secure.gravatar.com\/avatar\/0dc285cbe86eecc8073f119fcb2e2c7032b51533f5bb47611c7d4a598558b8b7?s=96&d=mm&r=g","url":"https:\/\/secure.gravatar.com\/avatar\/0dc285cbe86eecc8073f119fcb2e2c7032b51533f5bb47611c7d4a598558b8b7?s=96&d=mm&r=g","height":96,"width":96}},"publisher":{"@type":"Organization","name":"archall.cz","logo":{"@type":"ImageObject","@id":"\/logo.png","url":"\/logo.png","width":600,"height":60}},"image":{"@type":"ImageObject","@id":"https:\/\/www.archall.cz\/wp-content\/uploads\/matheus-ferrero-TkrRvwxjb_8-unsplash_1.jpg","url":"https:\/\/www.archall.cz\/wp-content\/uploads\/matheus-ferrero-TkrRvwxjb_8-unsplash_1.jpg","height":0,"width":0},"keywords":null},{"@type":"Article","@id":"https:\/\/www.archall.cz\/jak-zvysit-testosteron-i-bez-viagry\/","headline":"Jak zv\u00fd\u0161it testosteron i bez Viagry","url":"https:\/\/www.archall.cz\/jak-zvysit-testosteron-i-bez-viagry\/","datePublished":"2023-12-29","dateModified":"2024-02-05","mainEntityOfPage":"https:\/\/www.archall.cz\/jak-zvysit-testosteron-i-bez-viagry\/","author":{"@type":"Person","@id":"https:\/\/www.archall.cz\/author\/#Person","name":"","url":"https:\/\/www.archall.cz\/author\/","identifier":1,"image":{"@type":"ImageObject","@id":"https:\/\/secure.gravatar.com\/avatar\/0dc285cbe86eecc8073f119fcb2e2c7032b51533f5bb47611c7d4a598558b8b7?s=96&d=mm&r=g","url":"https:\/\/secure.gravatar.com\/avatar\/0dc285cbe86eecc8073f119fcb2e2c7032b51533f5bb47611c7d4a598558b8b7?s=96&d=mm&r=g","height":96,"width":96}},"publisher":{"@type":"Organization","name":"archall.cz","logo":{"@type":"ImageObject","@id":"\/logo.png","url":"\/logo.png","width":600,"height":60}},"image":{"@type":"ImageObject","@id":"https:\/\/www.archall.cz\/wp-content\/uploads\/love-6757746_640.jpg","url":"https:\/\/www.archall.cz\/wp-content\/uploads\/love-6757746_640.jpg","height":0,"width":0},"keywords":null},{"@type":"Article","@id":"https:\/\/www.archall.cz\/budete-tri\/","headline":"Budete t\u0159i?","url":"https:\/\/www.archall.cz\/budete-tri\/","datePublished":"2023-12-19","dateModified":"2024-02-05","mainEntityOfPage":"https:\/\/www.archall.cz\/budete-tri\/","author":{"@type":"Person","@id":"https:\/\/www.archall.cz\/author\/#Person","name":"","url":"https:\/\/www.archall.cz\/author\/","identifier":1,"image":{"@type":"ImageObject","@id":"https:\/\/secure.gravatar.com\/avatar\/0dc285cbe86eecc8073f119fcb2e2c7032b51533f5bb47611c7d4a598558b8b7?s=96&d=mm&r=g","url":"https:\/\/secure.gravatar.com\/avatar\/0dc285cbe86eecc8073f119fcb2e2c7032b51533f5bb47611c7d4a598558b8b7?s=96&d=mm&r=g","height":96,"width":96}},"publisher":{"@type":"Organization","name":"archall.cz","logo":{"@type":"ImageObject","@id":"\/logo.png","url":"\/logo.png","width":600,"height":60}},"image":{"@type":"ImageObject","@id":"https:\/\/www.archall.cz\/wp-content\/uploads\/family-2610205_640_9.jpg","url":"https:\/\/www.archall.cz\/wp-content\/uploads\/family-2610205_640_9.jpg","height":0,"width":0},"keywords":null},{"@type":"Article","@id":"https:\/\/www.archall.cz\/jak-zabavit-deti\/","headline":"Jak zabavit d\u011bti?","url":"https:\/\/www.archall.cz\/jak-zabavit-deti\/","datePublished":"2023-05-29","dateModified":"2023-06-30","mainEntityOfPage":"https:\/\/www.archall.cz\/jak-zabavit-deti\/","author":{"@type":"Person","@id":"https:\/\/www.archall.cz\/author\/#Person","name":"","url":"https:\/\/www.archall.cz\/author\/","identifier":1,"image":{"@type":"ImageObject","@id":"https:\/\/secure.gravatar.com\/avatar\/0dc285cbe86eecc8073f119fcb2e2c7032b51533f5bb47611c7d4a598558b8b7?s=96&d=mm&r=g","url":"https:\/\/secure.gravatar.com\/avatar\/0dc285cbe86eecc8073f119fcb2e2c7032b51533f5bb47611c7d4a598558b8b7?s=96&d=mm&r=g","height":96,"width":96}},"publisher":{"@type":"Organization","name":"archall.cz","logo":{"@type":"ImageObject","@id":"\/logo.png","url":"\/logo.png","width":600,"height":60}},"image":{"@type":"ImageObject","@id":"https:\/\/www.archall.cz\/wp-content\/uploads\/dave-sherrill-HjEKj1yMAdQ-unsplash.jpg","url":"https:\/\/www.archall.cz\/wp-content\/uploads\/dave-sherrill-HjEKj1yMAdQ-unsplash.jpg","height":0,"width":0},"keywords":null}]}